{"id":1150,"date":"2014-07-22T12:31:54","date_gmt":"2014-07-22T10:31:54","guid":{"rendered":"http:\/\/www.rifiutizerocapannori.it\/rifiutizero\/?p=1150"},"modified":"2014-07-22T12:31:54","modified_gmt":"2014-07-22T10:31:54","slug":"rifiuti-zero-e-anpas-incontrando-concetta-mattia","status":"publish","type":"post","link":"https:\/\/www.rifiutizerocapannori.it\/rifiutizero\/rifiuti-zero-e-anpas-incontrando-concetta-mattia\/","title":{"rendered":"Rifiuti Zero e ANPAS. Incontrando Concetta Mattia"},"content":{"rendered":"<p><em>In un contesto dove la cos\u00ec detta \u201c<strong>monnezza<\/strong>\u201d ha assunto un <strong>valore sociale<\/strong> oltre che<strong> ambientale<\/strong>, il rifiuto pu\u00f2 essere considerato un paradigma della societ\u00e0. Il fatto che la gestione di questi va ad incidere sulla qualit\u00e0 della vita della popolazione, ha attirato l&#8217;attenzione di <strong><a href=\"http:\/\/www.anpasnazionale.org\/\" target=\"_blank\">ANPAS<\/a><\/strong> (Associazione Nazionale delle Pubbliche Assistenze), che grazie alla  collaborazione di alcuni suoi volontari con attivisti Rifiuti Zero, ha aderito alla strategia in uno dei momenti di massima crisi ambientale italiana, il 2010 dell&#8217;emergenza rifiuti in Campania. ANPAS si \u00e8 cos\u00ec impegnata a collaborare con attivit\u00e0, iniziative e supporto concreto sul territorio in direzione Rifiuti Zero. Parlando con Concetta Mattia, chiariamo come \u00e8 nata la collaborazione e a cosa sta portando.<\/em><br \/>\n<div id=\"attachment_1153\" style=\"width: 286px\" class=\"wp-caption aligncenter\"><a href=\"https:\/\/www.rifiutizerocapannori.it\/rifiutizero\/wp-content\/uploads\/2014\/04\/zerowasteanpas.gif\"><img loading=\"lazy\" decoding=\"async\" aria-describedby=\"caption-attachment-1153\" src=\"https:\/\/www.rifiutizerocapannori.it\/rifiutizero\/wp-content\/uploads\/2014\/04\/zerowasteanpas.gif\" alt=\"ANPAS vero Rifiuti Zero\" width=\"276\" height=\"128\" class=\"size-full wp-image-1153\" \/><\/a><p id=\"caption-attachment-1153\" class=\"wp-caption-text\">ANPAS vero Rifiuti Zero<\/p><\/div><br \/>\nEro da poco arrivata a Napoli, che gi\u00e0 la lasciavo per avventurarmi fra le alture dell&#8217;Irpinia, su un autobus incredibilmente comodo ma altrettanto affollato, seguendo un&#8217;autostrada costellata da lavori in corso. Arrivata ad Avellino a piazzale Kennedy, stazione dei bus, dopo pochi minuti mi raggiunge Concetta Mattia, trafelata dal traffico mattutino. Concetta \u00e8 parte della direzione nazionale di ANPAS, e il motivo per cui rispettivamente ci siamo fatte un&#8217;ora e mezza di strada per incontrarci \u00e8 quello di vedersi in faccia, parlare a voce e spiegare che <strong>legame<\/strong> c&#8217;\u00e8 tra Rifiuti Zero e ANPAS.<\/p>\n<p><strong>Cosa \u00e8 ANPAS?<\/strong><br \/>\nL\u2019Associazione Nazionale Pubbliche Assistenze (ANPAS) \u00e8 un movimento unitario nato nel 1904. Nel primo articolo del suo statuto si definisce autonomo, libero e democratico, e fonda la sua attivit\u00e0 istituzionale ed associativa sui principi costituzionali della democrazia, della partecipazione sociale e sulla attivit\u00e0 di volontariato.<br \/>\nANPAS collega una moltitudine di associazioni e movimenti localizzatI, operanti sul territorio italiano, creando una <strong>rete nazionale della pubblica assistenza<\/strong>. Su questo network gi\u00e0 consolidato, ANPAS si \u00e8 poi impegnata a lavorare in direzione Rifiuti Zero, tramite l&#8217;organizzazione di eventi, azioni, formazione e incontri in tutto il Paese. <\/p>\n<p><strong>La collaborazione: la nascita, gli obiettivi, le azioni<\/strong><br \/>\nCi sediamo nel bar di fronte al piazzale e Concetta insiste per offrirmi un bab\u00e0 (siamo pur sempre in Campania &#8211; mi dice, &#8211; e in un posto dove lo fanno bene!) che accetto di buon grado. So che lei, prima di entrare a far parte della direzione nazionale, aveva conosciuto Riccardo Pensa \u2013 sociologo del Centro di Ricerca Rifiuti Zero \u2013 che all&#8217;epoca stava conducendo la ricerca di dottorato riguardo la Protezione Civile. Riccardo la aveva messa a conoscenza della filosofia Rifiuti Zero, e nel 2010, durante l&#8217;ennesima emergenza rifiuti in Campania, Concetta volle approfondire la questione. \u201cDurante un incontro a Grottaminarda, dove avevamo organizzato un <a href=\"http:\/\/www.anpasnazionale.org\/categoria-newspa\/115-energia-volontariato-protezione-civile-89-ottobre-a-grottaminarda.html\" target=\"_blank\">ciclo di conferenze<\/a> riguardo le questioni ambientali legate alla gestione dei rifiuti, Riccardo mi present\u00f2 Ercolini, che era venuto a parlare della strategia Rifiuti Zero\u201d. Le tematiche trattate a quei seminari erano gi\u00e0 ben note ad ANPAS che, tramite le varie associazioni sul territorio, voleva contribuire attivamente per arginare la crisi. \u201cFu da l\u00ec che capimmo che dovevamo prendere una <strong>posizione netta<\/strong>  nei confronti dei rifiuti e della loro gestione come ANPAS. I Dieci Passi ci convinsero subito, perch\u00e8 prendono gi\u00e0 lo scibile del quotidiano di ognuno di noi, creando cos\u00ec una relazione pratica tra la teoria Rifiuti Zero e le azioni che ognuno di noi compie. In pi\u00f9, per noi che operiamo per il <strong>miglioramento della qualit\u00e0 della vita<\/strong>, una corretta gestione dei rifiuti \u00e8 fondamentale\u201d.  Per questi motivi l&#8217;adesione di ANPAS a Rifiuti Zero \u00e8 stato un passaggio quasi naturale. <\/p>\n<p>Vista la situazione di emergenza, gi\u00e0 nello stesso 2010 ANPAS Campania formalizza la sua adesione. \u201cMa non ci siamo fermati l\u00ec! Abbiamo subito proposto la delibera alla direzione nazionale, che ha accettato quasi subito, dichiarando <a href=\"http:\/\/www.anpasnazionale.org\/categoria-news-generale\/149--cittadinanza-e-rifiuti-anpas-aderisce-al-modello-rifiuti-zero.html\" target=\"_blank\">ANPAS a Rifiuti Zero<\/a> a livello nazionale (23 ottobre 2010). Ero in realt\u00e0 un po&#8217; preoccupata da tutta questa velocit\u00e0, ma la verit\u00e0 \u00e8 che ANPAS era pronta: la tematica dei rifiuti legati alla qualit\u00e0 della vita era gi\u00e0 sentita ovunque in Italia, e diverse associazioni portavano avanti delle attivit\u00e0 in questo senso da anni. Il primo passo compiuto, infatti, \u00e8 stato andare a <strong>censire<\/strong> tutte quelle realt\u00e0 dove le <strong>buone pratiche<\/strong> \u2013 dalle eco-sagre, alle &#8216;biciclettate&#8217;, alla raccolta differenziata e centri di riuso \u2013 erano gi\u00e0 presenti. Questo \u00e8 stato possibile anche grazie al nostro naturale <strong>radicamento sul territorio<\/strong> che ci da credibilit\u00e0 agli occhi della gente, nonch\u00e9 al ruolo di supporto che le amministrazioni locali ci riconoscono, rendendole molto collaborative\u201d.<br \/>\nSe l&#8217;adesione \u00e8 stata veloce, un po&#8217; pi\u00f9 complesso e lento \u00e8 invece &#8211; tuttora &#8211; il lavoro operativo effettivo. Come Concetta stessa mi dice \u201cun conto \u00e8 far muovere un movimento locale o una comunit\u00e0. Un conto \u00e8 far muovere centomila volontari attivi in 900 sedi sparse su tutto il territorio nazionale, tutti insieme e nella stessa direzione\u201d. Dopo il censimento delle buone pratiche, ANPAS ha individuato la fetta di volontari interessati a tematiche ambientali, che ha poi formato in senso Rifiuti Zero, rendendoli capaci, a loro volta, di formare altri volontari sugli stessi temi (metodo definito &#8220;a cascata&#8221;). Successivamente, ha iniziato ad organizzare e\/o a seguire attivit\u00e0, legate alle azioni delle amministrazioni locali, sui territori gi\u00e0 pronti. Rispetto alla relazione con le leadership territoriali, Concetta sottolinea positivamente l&#8217;apartiticit\u00e0 di ANPAS e l&#8217;importanza (pagante in termini di autonomia d\u2019azione e fidelizzazione) del rimanere equidistanti dalle forze politiche di turno: \u201cperch\u00e8 quelle vanno e vengono, le associazioni di volontariato restano\u201d.<br \/>\n<div id=\"attachment_1158\" style=\"width: 614px\" class=\"wp-caption aligncenter\"><a href=\"https:\/\/www.rifiutizerocapannori.it\/rifiutizero\/wp-content\/uploads\/2014\/04\/ANPAS.jpg\"><img loading=\"lazy\" decoding=\"async\" aria-describedby=\"caption-attachment-1158\" src=\"https:\/\/www.rifiutizerocapannori.it\/rifiutizero\/wp-content\/uploads\/2014\/04\/ANPAS.jpg\" alt=\"Da sinistra: Concetta Mattia, Rossano Ercolini, Paul Connett ed Enzo Favoino ad un incontro ad Alcamo - Sicilia, 2012\" width=\"604\" height=\"451\" class=\"size-full wp-image-1158\" srcset=\"https:\/\/www.rifiutizerocapannori.it\/rifiutizero\/wp-content\/uploads\/2014\/04\/ANPAS.jpg 604w, https:\/\/www.rifiutizerocapannori.it\/rifiutizero\/wp-content\/uploads\/2014\/04\/ANPAS-300x224.jpg 300w\" sizes=\"auto, (max-width: 604px) 100vw, 604px\" \/><\/a><p id=\"caption-attachment-1158\" class=\"wp-caption-text\">Da sinistra: Concetta Mattia, Rossano Ercolini, Paul Connett ed Enzo Favoino ad un incontro ad Alcamo &#8211; Sicilia, 2012<\/p><\/div><br \/>\n<strong>Quali risultati? La situazione attuale<\/strong><br \/>\nSi pu\u00f2 dire che il risultato pi\u00f9 immediato nato da questa collaborazione \u00e8 stato quello di <strong>far rete<\/strong>: da una parte tra le associazioni che si occupano di questioni legate all&#8217;ambiente e ai rifiuti; dall&#8217;altra tra le comunit\u00e0 che avevano gi\u00e0 una base di interesse all&#8217;ambiente e che potevano essere interessate alla strategia Rifiuti Zero.<br \/>\nUn altro aspetto, \u00e8 quello della creazione di figure quasi \u201cpubbliche\u201d di ANPAS, cui riferirsi su questioni ambientali a livello locale. \u201cAnche noi dirigenti in prima persona ci siamo messi a disposizione della popolazione per qualsiasi richiesta riguardo Rifiuti Zero. In Campania il mio numero \u00e8 quasi pubblico, e se prima eravamo noi ad andar a rompere le scatole alle comunit\u00e0, adesso sono i cittadini e i sindaci che ci chiamano per parlare di compostaggio, riuso, raccolta differenziata e quant&#8217;altro si riferisca a Rifiuti Zero\u201d, dice Concetta, finendo il suo caff\u00e8.<br \/>\n\u201cIl promuovere e portare avanti tramite le proprie energie e capacit\u00e0 \u2013 <strong>expertize<\/strong>, ndr \u2013 Rifiuti Zero, ci ha fatti sentire non solo funzionali, ma utili nel senso proprio della condivisone dell&#8217;obiettivo. E&#8217; vero quello che ci disse per la prima volta <strong>Paul Connett<\/strong> &#8211; un altro incontro da folgorazione &#8211; : c&#8217;\u00e8 bisogno di declinare Rifiuti Zero anche a un <strong>livello sociologico<\/strong> e sociale\u201d.<br \/>\nL&#8217;azione che ANPAS fa come pubblica assistenza a livello nazionale \u00e8 gi\u00e0 di per se un&#8217;azione di <strong>empowerment<\/strong>, dando la possibilit\u00e0 alla popolazione di diversi territori di gestire servizi sociali, attivit\u00e0 educative e di formazione &#8211; volte al miglioramente della qualit\u00e0 della vita &#8211; facendo parte di un&#8217;organizzazione strutturata e presente su diversi livelli. Inoltre, grazie alla collaborazione con Rifiuti Zero, l&#8217;accrescimento di consapevolezza e di conoscenza del proprio territorio e di ci\u00f2 che la popolazione necessita assumono una sfaccettatura in pi\u00f9, concorrendo alla creazione di una <strong>societ\u00e0 sostenibile<\/strong> dal punto di vista sociale e ambientale. <\/p>\n<p>Ascoltando Concetta, mi giunge chiaro come il volontariato sia una componente fondamentale nell&#8217;applicazione della filosofia Rifiuti Zero nella vita di tutti i giorni. La stessa azione di ANPAS si basa su volontari, che hanno un collegamento diretto con la gente e a loro volta sono consapevoli delle problematiche del quotidiano. Formati in senso Rifiuti Zero, i volontari possono mettere a disposizione questa conoscenza e la consapevolezza delle possibilit\u00e0 del proprio territorio che aveva gi\u00e0 in quanto abitanti di questo. Possono cos\u00ec aiutare gli altri ad individuare i problemi quotidiani ed indirizzare ad un&#8217;azione pratica nella soluzione di questi. Se si pensa che questo accade in molte comunit\u00e0 di tutta Italia, l&#8217;azione che ANPAS sta facendo si pu\u00f2 quasi definire di \u201cmassa\u201d. Ed \u00e8 la stessa Concetta a dirmelo: \u201c\u00e8 questa la forza dei movimenti! Come diceva il buon <a href=\"http:\/\/it.wikipedia.org\/wiki\/Alexis_de_Tocqueville\" target=\"_blank\">de Tocqueville<\/a>, un&#8217;opinione singola riportata in modo corale da forza a quell&#8217;opinione!\u201d. <\/p>\n","protected":false},"excerpt":{"rendered":"<p>In un contesto dove la cos\u00ec detta \u201cmonnezza\u201d ha assunto un valore sociale oltre che ambientale, il rifiuto pu\u00f2 essere considerato un paradigma della societ\u00e0. Il fatto che la gestione di questi va ad incidere sulla qualit\u00e0 della vita della popolazione, ha attirato l&#8217;attenzione di ANPAS (Associazione Nazionale delle Pubbliche Assistenze), che grazie alla collaborazione [&hellip;]<\/p>\n","protected":false},"author":3,"featured_media":0,"comment_status":"open","ping_status":"open","sticky":false,"template":"","format":"standard","meta":{"footnotes":""},"categories":[1,19],"tags":[],"class_list":["post-1150","post","type-post","status-publish","format-standard","hentry","category-news-in-evidenza","category-zero-waste-rubrica"],"jetpack_featured_media_url":"","_links":{"self":[{"href":"https:\/\/www.rifiutizerocapannori.it\/rifiutizero\/wp-json\/wp\/v2\/posts\/1150","targetHints":{"allow":["GET"]}}],"collection":[{"href":"https:\/\/www.rifiutizerocapannori.it\/rifiutizero\/wp-json\/wp\/v2\/posts"}],"about":[{"href":"https:\/\/www.rifiutizerocapannori.it\/rifiutizero\/wp-json\/wp\/v2\/types\/post"}],"author":[{"embeddable":true,"href":"https:\/\/www.rifiutizerocapannori.it\/rifiutizero\/wp-json\/wp\/v2\/users\/3"}],"replies":[{"embeddable":true,"href":"https:\/\/www.rifiutizerocapannori.it\/rifiutizero\/wp-json\/wp\/v2\/comments?post=1150"}],"version-history":[{"count":22,"href":"https:\/\/www.rifiutizerocapannori.it\/rifiutizero\/wp-json\/wp\/v2\/posts\/1150\/revisions"}],"predecessor-version":[{"id":1285,"href":"https:\/\/www.rifiutizerocapannori.it\/rifiutizero\/wp-json\/wp\/v2\/posts\/1150\/revisions\/1285"}],"wp:attachment":[{"href":"https:\/\/www.rifiutizerocapannori.it\/rifiutizero\/wp-json\/wp\/v2\/media?parent=1150"}],"wp:term":[{"taxonomy":"category","embeddable":true,"href":"https:\/\/www.rifiutizerocapannori.it\/rifiutizero\/wp-json\/wp\/v2\/categories?post=1150"},{"taxonomy":"post_tag","embeddable":true,"href":"https:\/\/www.rifiutizerocapannori.it\/rifiutizero\/wp-json\/wp\/v2\/tags?post=1150"}],"curies":[{"name":"wp","href":"https:\/\/api.w.org\/{rel}","templated":true}]}}