{"id":2662,"date":"2019-09-24T19:10:53","date_gmt":"2019-09-24T17:10:53","guid":{"rendered":"http:\/\/www.rifiutizerocapannori.it\/rifiutizero\/?p=2662"},"modified":"2019-09-25T06:28:03","modified_gmt":"2019-09-25T04:28:03","slug":"una-valida-alternativa-riciclabile-e-compostabile-alle-plastiche-e-agli-usa-e-getta","status":"publish","type":"post","link":"https:\/\/www.rifiutizerocapannori.it\/rifiutizero\/una-valida-alternativa-riciclabile-e-compostabile-alle-plastiche-e-agli-usa-e-getta\/","title":{"rendered":"&#8220;UNA VALIDA ALTERNATIVA RICICLABILE E COMPOSTABILE ALLE PLASTICHE E AGLI &#8216;USA E GETTA&#8221;"},"content":{"rendered":"<hr \/>\n<hr \/>\n<h2 style=\"text-align: center;\"><span style=\"color: #0000ff;\"><strong>Sabato 21 settembre 2019<\/strong><\/span><\/h2>\n<h2 style=\"text-align: center;\"><span style=\"color: #0000ff;\"><strong>si \u00e8 svolto uno workshop &#8220;storico&#8221; per le alternative alle plastiche usa e getta.<\/strong><\/span><\/h2>\n<h2 style=\"text-align: center;\"><span style=\"color: #0000ff;\"><strong>&#8220;UNA VALIDA ALTERNATIVA RICICLABILE E COMPOSTABILE <\/strong><\/span><\/h2>\n<h2 style=\"text-align: center;\"><span style=\"color: #0000ff;\"><strong>ALLE PLASTICHE E AGLI &#8216;USA E GETTA&#8221;<\/strong><\/span><\/h2>\n<hr \/>\n<hr \/>\n<h3 style=\"text-align: center;\">E&#8217; stato un successo di pubblico, di contenuto, di coinvolgimento virale.<\/h3>\n<h3 style=\"text-align: center;\">Hanno partecipato: COOP, NATURASI&#8217;, LUCENSE E CARTIERE, ASTRI del distretto tessile pratese, il distretto florovivaistico pistoiese.<\/h3>\n<h2 style=\"text-align: center;\"><span style=\"color: #008000;\"><strong>Il &#8220;vetro liquido&#8221; \u00e8 una realt\u00e0 che pu\u00f2 sostituire in modo totale i film plastici negli imballaggi per il cibo. <\/strong><\/span><\/h2>\n<h3 style=\"text-align: center;\">Alla fine dell&#8217;incontro il Centro Ricerca Rifiuti Zero e Qwarzo hanno siglato un protocollo di collaborazione.<\/h3>\n<hr \/>\n<hr \/>\n<h2 style=\"text-align: center;\">Ecco, uno ad uno, i video con gli interventi\u00a0e le presentazioni proiettete nel corso della mattinata.<\/h2>\n<hr \/>\n<hr \/>\n<ul>\n<li>\n<h3 style=\"text-align: left;\"><strong><span style=\"color: #0000ff;\"><a style=\"color: #0000ff;\" href=\"https:\/\/youtu.be\/7NdTJdmnPzo\">Presentazione dello workshop, finalit\u00e0 dell&#8217;incontro e proposte<\/a> <\/span>(Rossano Ercolini)\u00a0<\/strong><\/h3>\n<\/li>\n<\/ul>\n<h3 style=\"text-align: center;\"><strong><a href=\"https:\/\/youtu.be\/7NdTJdmnPzo\"><img loading=\"lazy\" decoding=\"async\" class=\"aligncenter wp-image-2664\" src=\"https:\/\/www.rifiutizerocapannori.it\/rifiutizero\/wp-content\/uploads\/2019\/09\/wORKSHOp-NAZIONALE-21-settembre-rossano-.png\" alt=\"\" width=\"650\" height=\"365\" srcset=\"https:\/\/www.rifiutizerocapannori.it\/rifiutizero\/wp-content\/uploads\/2019\/09\/wORKSHOp-NAZIONALE-21-settembre-rossano-.png 1920w, https:\/\/www.rifiutizerocapannori.it\/rifiutizero\/wp-content\/uploads\/2019\/09\/wORKSHOp-NAZIONALE-21-settembre-rossano--300x169.png 300w, https:\/\/www.rifiutizerocapannori.it\/rifiutizero\/wp-content\/uploads\/2019\/09\/wORKSHOp-NAZIONALE-21-settembre-rossano--768x432.png 768w, https:\/\/www.rifiutizerocapannori.it\/rifiutizero\/wp-content\/uploads\/2019\/09\/wORKSHOp-NAZIONALE-21-settembre-rossano--1024x576.png 1024w\" sizes=\"auto, (max-width: 650px) 100vw, 650px\" \/><\/a><\/strong><\/h3>\n<p>&nbsp;<\/p>\n<hr \/>\n<hr \/>\n<ul>\n<li>\n<h3><strong><span style=\"color: #0000ff;\"><a style=\"color: #0000ff;\" href=\"https:\/\/youtu.be\/d4L5wkhnWQo\" target=\"_blank\" rel=\"noopener noreferrer\">\u201cLe strategie dell&#8217;Unione Europea sulle plastiche, tra standard e criteri di sostenibilit\u00e0: le sfide per affrontare il problema\u201d<\/a> <\/span>(Enzo Favoino)<\/strong><\/h3>\n<\/li>\n<\/ul>\n<p><a href=\"https:\/\/youtu.be\/d4L5wkhnWQo\"><img loading=\"lazy\" decoding=\"async\" class=\"aligncenter wp-image-2666\" src=\"https:\/\/www.rifiutizerocapannori.it\/rifiutizero\/wp-content\/uploads\/2019\/09\/wORKSHOp-NAZIONALE-21-settembre-enzo-.png\" alt=\"\" width=\"650\" height=\"366\" srcset=\"https:\/\/www.rifiutizerocapannori.it\/rifiutizero\/wp-content\/uploads\/2019\/09\/wORKSHOp-NAZIONALE-21-settembre-enzo-.png 1920w, https:\/\/www.rifiutizerocapannori.it\/rifiutizero\/wp-content\/uploads\/2019\/09\/wORKSHOp-NAZIONALE-21-settembre-enzo--300x169.png 300w, https:\/\/www.rifiutizerocapannori.it\/rifiutizero\/wp-content\/uploads\/2019\/09\/wORKSHOp-NAZIONALE-21-settembre-enzo--768x432.png 768w, https:\/\/www.rifiutizerocapannori.it\/rifiutizero\/wp-content\/uploads\/2019\/09\/wORKSHOp-NAZIONALE-21-settembre-enzo--1024x576.png 1024w\" sizes=\"auto, (max-width: 650px) 100vw, 650px\" \/><\/a><\/p>\n<hr \/>\n<hr \/>\n<ul>\n<li>\n<h3><strong><span style=\"color: #0000ff;\"><a style=\"color: #0000ff;\" href=\"https:\/\/youtu.be\/xCSOA51z0TI\">Saluto del Sindaco del Comune di Capannori<\/a><\/span> (Luca Menesini)<\/strong><\/h3>\n<\/li>\n<\/ul>\n<p><a href=\"https:\/\/youtu.be\/xCSOA51z0TI\"><img loading=\"lazy\" decoding=\"async\" class=\"aligncenter wp-image-2667\" src=\"https:\/\/www.rifiutizerocapannori.it\/rifiutizero\/wp-content\/uploads\/2019\/09\/wORKSHOp-NAZIONALE-21-settembre-luca-menesini-.png\" alt=\"\" width=\"650\" height=\"366\" srcset=\"https:\/\/www.rifiutizerocapannori.it\/rifiutizero\/wp-content\/uploads\/2019\/09\/wORKSHOp-NAZIONALE-21-settembre-luca-menesini-.png 1920w, https:\/\/www.rifiutizerocapannori.it\/rifiutizero\/wp-content\/uploads\/2019\/09\/wORKSHOp-NAZIONALE-21-settembre-luca-menesini--300x169.png 300w, https:\/\/www.rifiutizerocapannori.it\/rifiutizero\/wp-content\/uploads\/2019\/09\/wORKSHOp-NAZIONALE-21-settembre-luca-menesini--768x432.png 768w, https:\/\/www.rifiutizerocapannori.it\/rifiutizero\/wp-content\/uploads\/2019\/09\/wORKSHOp-NAZIONALE-21-settembre-luca-menesini--1024x576.png 1024w\" sizes=\"auto, (max-width: 650px) 100vw, 650px\" \/><\/a><\/p>\n<hr \/>\n<hr \/>\n<ul>\n<li>\n<h3><strong><span style=\"color: #0000ff;\"><a style=\"color: #0000ff;\" href=\"https:\/\/youtu.be\/tgxMx7VPrRg\">Le caratteristiche chimiche del &#8221; vetro liquido &#8221; e le sue propriet\u00e0, applicazioni, prodotti e loro riciclabilit\u00e0 e compostabilit\u00e0\u00a0 e Rassegna di prodotti gi\u00e0 disponibili e o gi\u00e0 commercializzati<\/a><\/span> (Luca Panzeri, Gabriele Milani, Manuel Milliery, Staff di QWARZO)<\/strong><\/h3>\n<\/li>\n<\/ul>\n<p><a href=\"https:\/\/youtu.be\/tgxMx7VPrRg\"><img loading=\"lazy\" decoding=\"async\" class=\"aligncenter wp-image-2668\" src=\"https:\/\/www.rifiutizerocapannori.it\/rifiutizero\/wp-content\/uploads\/2019\/09\/wORKSHOp-NAZIONALE-21-settembre-staff-qwarzo-.png\" alt=\"\" width=\"650\" height=\"366\" srcset=\"https:\/\/www.rifiutizerocapannori.it\/rifiutizero\/wp-content\/uploads\/2019\/09\/wORKSHOp-NAZIONALE-21-settembre-staff-qwarzo-.png 1920w, https:\/\/www.rifiutizerocapannori.it\/rifiutizero\/wp-content\/uploads\/2019\/09\/wORKSHOp-NAZIONALE-21-settembre-staff-qwarzo--300x169.png 300w, https:\/\/www.rifiutizerocapannori.it\/rifiutizero\/wp-content\/uploads\/2019\/09\/wORKSHOp-NAZIONALE-21-settembre-staff-qwarzo--768x432.png 768w, https:\/\/www.rifiutizerocapannori.it\/rifiutizero\/wp-content\/uploads\/2019\/09\/wORKSHOp-NAZIONALE-21-settembre-staff-qwarzo--1024x576.png 1024w\" sizes=\"auto, (max-width: 650px) 100vw, 650px\" \/><\/a><\/p>\n<hr \/>\n<hr \/>\n<ul>\n<li>\n<h3><span style=\"color: #0000ff;\"><a style=\"color: #0000ff;\" href=\"https:\/\/youtu.be\/INcNYRkvYsU\"><strong><span style=\"color: #0000ff;\">Domande e contributi dei partecipanti<\/span><\/strong><\/a><\/span><\/h3>\n<\/li>\n<\/ul>\n<p><a href=\"https:\/\/youtu.be\/INcNYRkvYsU\"><img loading=\"lazy\" decoding=\"async\" class=\"aligncenter wp-image-2669\" src=\"https:\/\/www.rifiutizerocapannori.it\/rifiutizero\/wp-content\/uploads\/2019\/09\/wORKSHOp-NAZIONALE-domande-di-tutti.png\" alt=\"\" width=\"650\" height=\"366\" srcset=\"https:\/\/www.rifiutizerocapannori.it\/rifiutizero\/wp-content\/uploads\/2019\/09\/wORKSHOp-NAZIONALE-domande-di-tutti.png 1920w, https:\/\/www.rifiutizerocapannori.it\/rifiutizero\/wp-content\/uploads\/2019\/09\/wORKSHOp-NAZIONALE-domande-di-tutti-300x169.png 300w, https:\/\/www.rifiutizerocapannori.it\/rifiutizero\/wp-content\/uploads\/2019\/09\/wORKSHOp-NAZIONALE-domande-di-tutti-768x432.png 768w, https:\/\/www.rifiutizerocapannori.it\/rifiutizero\/wp-content\/uploads\/2019\/09\/wORKSHOp-NAZIONALE-domande-di-tutti-1024x576.png 1024w\" sizes=\"auto, (max-width: 650px) 100vw, 650px\" \/><\/a><\/p>\n<hr \/>\n<hr \/>\n<ul>\n<li>\n<h3><span style=\"color: #0000ff;\"><a style=\"color: #0000ff;\" href=\"https:\/\/youtu.be\/s1_O-VnQn_Q\"><strong><span style=\"color: #0000ff;\">Contributi dal Distretto cartario di Lucca<\/span><\/strong><\/a><\/span><\/h3>\n<\/li>\n<\/ul>\n<p><a href=\"https:\/\/youtu.be\/s1_O-VnQn_Q\"><img loading=\"lazy\" decoding=\"async\" class=\"aligncenter wp-image-2670\" src=\"https:\/\/www.rifiutizerocapannori.it\/rifiutizero\/wp-content\/uploads\/2019\/09\/wORKSHOp-NAZIONALE-distretto-cartario.png\" alt=\"\" width=\"649\" height=\"366\" srcset=\"https:\/\/www.rifiutizerocapannori.it\/rifiutizero\/wp-content\/uploads\/2019\/09\/wORKSHOp-NAZIONALE-distretto-cartario.png 1920w, https:\/\/www.rifiutizerocapannori.it\/rifiutizero\/wp-content\/uploads\/2019\/09\/wORKSHOp-NAZIONALE-distretto-cartario-300x169.png 300w, https:\/\/www.rifiutizerocapannori.it\/rifiutizero\/wp-content\/uploads\/2019\/09\/wORKSHOp-NAZIONALE-distretto-cartario-768x432.png 768w, https:\/\/www.rifiutizerocapannori.it\/rifiutizero\/wp-content\/uploads\/2019\/09\/wORKSHOp-NAZIONALE-distretto-cartario-1024x576.png 1024w\" sizes=\"auto, (max-width: 649px) 100vw, 649px\" \/><\/a><\/p>\n<hr \/>\n<hr \/>\n<ul>\n<li>\n<h3><span style=\"color: #0000ff;\"><a style=\"color: #0000ff;\" href=\"https:\/\/youtu.be\/J78IEOfCax4\"><strong><span style=\"color: #0000ff;\">Domande e Contributi dal Distretto tessile di Prato<\/span><\/strong><\/a><\/span><\/h3>\n<\/li>\n<\/ul>\n<p><a href=\"https:\/\/youtu.be\/J78IEOfCax4\"><img loading=\"lazy\" decoding=\"async\" class=\"aligncenter wp-image-2671\" src=\"https:\/\/www.rifiutizerocapannori.it\/rifiutizero\/wp-content\/uploads\/2019\/09\/wORKSHOp-NAZIONALE-distretto-tessile.png\" alt=\"\" width=\"650\" height=\"365\" srcset=\"https:\/\/www.rifiutizerocapannori.it\/rifiutizero\/wp-content\/uploads\/2019\/09\/wORKSHOp-NAZIONALE-distretto-tessile.png 1920w, https:\/\/www.rifiutizerocapannori.it\/rifiutizero\/wp-content\/uploads\/2019\/09\/wORKSHOp-NAZIONALE-distretto-tessile-300x169.png 300w, https:\/\/www.rifiutizerocapannori.it\/rifiutizero\/wp-content\/uploads\/2019\/09\/wORKSHOp-NAZIONALE-distretto-tessile-768x432.png 768w, https:\/\/www.rifiutizerocapannori.it\/rifiutizero\/wp-content\/uploads\/2019\/09\/wORKSHOp-NAZIONALE-distretto-tessile-1024x576.png 1024w\" sizes=\"auto, (max-width: 650px) 100vw, 650px\" \/><\/a><\/p>\n<hr \/>\n<hr \/>\n<ul>\n<li>\n<h3><span style=\"color: #0000ff;\"><a style=\"color: #0000ff;\" href=\"https:\/\/youtu.be\/VIBFUlWqoL4\"><strong><span style=\"color: #0000ff;\">Considerazioni e conclusioni di Rossano Ercolini , firma protocollo di collaborazione\u00a0<\/span><\/strong><\/a><\/span><\/h3>\n<\/li>\n<\/ul>\n<p><a href=\"https:\/\/youtu.be\/VIBFUlWqoL4\"><img loading=\"lazy\" decoding=\"async\" class=\"aligncenter wp-image-2672\" src=\"https:\/\/www.rifiutizerocapannori.it\/rifiutizero\/wp-content\/uploads\/2019\/09\/rossano-ws-21-settembre.png\" alt=\"\" width=\"650\" height=\"366\" srcset=\"https:\/\/www.rifiutizerocapannori.it\/rifiutizero\/wp-content\/uploads\/2019\/09\/rossano-ws-21-settembre.png 1058w, https:\/\/www.rifiutizerocapannori.it\/rifiutizero\/wp-content\/uploads\/2019\/09\/rossano-ws-21-settembre-300x169.png 300w, https:\/\/www.rifiutizerocapannori.it\/rifiutizero\/wp-content\/uploads\/2019\/09\/rossano-ws-21-settembre-768x432.png 768w, https:\/\/www.rifiutizerocapannori.it\/rifiutizero\/wp-content\/uploads\/2019\/09\/rossano-ws-21-settembre-1024x576.png 1024w\" sizes=\"auto, (max-width: 650px) 100vw, 650px\" \/><\/a><\/p>\n<hr \/>\n<hr \/>\n<h3>Qui il video integrale di tutto il Workshop <a href=\"https:\/\/youtu.be\/Py6klqelOrE\">https:\/\/youtu.be\/Py6klqelOrE<\/a><\/h3>\n<hr \/>\n<hr \/>\n<h3>Qui le presentazioni proiettate durante il workshop<\/h3>\n<ul>\n<li>\n<h3><span style=\"color: #0000ff;\"><a href=\"https:\/\/www.rifiutizerocapannori.it\/rifiutizero\/una-valida-alternativa-riciclabile-e-compostabile-alle-plastiche-e-agli-usa-e-getta\/ws-21-settembre-presentazione-rossano-tutta\/\" rel=\"attachment wp-att-2676\">Presentazione Rossano Ercolini<\/a><\/span><\/h3>\n<\/li>\n<li><\/li>\n<li>\n<h3><span style=\"color: #0000ff;\"><a href=\"https:\/\/www.rifiutizerocapannori.it\/rifiutizero\/una-valida-alternativa-riciclabile-e-compostabile-alle-plastiche-e-agli-usa-e-getta\/qwarzo-capannori-21-09-1\/\" rel=\"attachment wp-att-2675\">Presentazione Qwarzo<\/a><\/span><\/h3>\n<\/li>\n<\/ul>\n<hr \/>\n<hr \/>\n<h3 style=\"text-align: center;\"><\/h3>\n","protected":false},"excerpt":{"rendered":"<p>Sabato 21 settembre 2019 si \u00e8 svolto uno workshop &#8220;storico&#8221; per le alternative alle plastiche usa e getta. &#8220;UNA VALIDA ALTERNATIVA RICICLABILE E COMPOSTABILE ALLE PLASTICHE E AGLI &#8216;USA E GETTA&#8221; E&#8217; stato un successo di pubblico, di contenuto, di coinvolgimento virale. Hanno partecipato: COOP, NATURASI&#8217;, LUCENSE E CARTIERE, ASTRI del distretto tessile pratese, il [&hellip;]<\/p>\n","protected":false},"author":3,"featured_media":2692,"comment_status":"open","ping_status":"open","sticky":false,"template":"","format":"standard","meta":{"footnotes":""},"categories":[1,3,5],"tags":[118,63,116,69,30,73,112,26,40,113,68,38,114,110,115,117,23,24],"class_list":["post-2662","post","type-post","status-publish","format-standard","has-post-thumbnail","hentry","category-news-in-evidenza","category-convegni","category-news","tag-alternative","tag-ambiente-e-futuro","tag-astri","tag-casa-modena","tag-centro-di-ricerca-rifiuti-zero","tag-comune-di-capannori","tag-coop-italia","tag-economia-circolare","tag-enzo-favoino","tag-natura-si","tag-parmareggio","tag-plastic-free","tag-qwarzo","tag-rossano-ercolini","tag-vetro-liquido","tag-workschop","tag-zero-wast-italy","tag-zero-waste-europe"],"jetpack_featured_media_url":"https:\/\/www.rifiutizerocapannori.it\/rifiutizero\/wp-content\/uploads\/2019\/09\/WhatsApp-Image-2019-08-21-at-11.41.29.jpeg","_links":{"self":[{"href":"https:\/\/www.rifiutizerocapannori.it\/rifiutizero\/wp-json\/wp\/v2\/posts\/2662","targetHints":{"allow":["GET"]}}],"collection":[{"href":"https:\/\/www.rifiutizerocapannori.it\/rifiutizero\/wp-json\/wp\/v2\/posts"}],"about":[{"href":"https:\/\/www.rifiutizerocapannori.it\/rifiutizero\/wp-json\/wp\/v2\/types\/post"}],"author":[{"embeddable":true,"href":"https:\/\/www.rifiutizerocapannori.it\/rifiutizero\/wp-json\/wp\/v2\/users\/3"}],"replies":[{"embeddable":true,"href":"https:\/\/www.rifiutizerocapannori.it\/rifiutizero\/wp-json\/wp\/v2\/comments?post=2662"}],"version-history":[{"count":19,"href":"https:\/\/www.rifiutizerocapannori.it\/rifiutizero\/wp-json\/wp\/v2\/posts\/2662\/revisions"}],"predecessor-version":[{"id":2693,"href":"https:\/\/www.rifiutizerocapannori.it\/rifiutizero\/wp-json\/wp\/v2\/posts\/2662\/revisions\/2693"}],"wp:featuredmedia":[{"embeddable":true,"href":"https:\/\/www.rifiutizerocapannori.it\/rifiutizero\/wp-json\/wp\/v2\/media\/2692"}],"wp:attachment":[{"href":"https:\/\/www.rifiutizerocapannori.it\/rifiutizero\/wp-json\/wp\/v2\/media?parent=2662"}],"wp:term":[{"taxonomy":"category","embeddable":true,"href":"https:\/\/www.rifiutizerocapannori.it\/rifiutizero\/wp-json\/wp\/v2\/categories?post=2662"},{"taxonomy":"post_tag","embeddable":true,"href":"https:\/\/www.rifiutizerocapannori.it\/rifiutizero\/wp-json\/wp\/v2\/tags?post=2662"}],"curies":[{"name":"wp","href":"https:\/\/api.w.org\/{rel}","templated":true}]}}