{"id":3302,"date":"2024-04-02T19:49:45","date_gmt":"2024-04-02T17:49:45","guid":{"rendered":"https:\/\/www.rifiutizerocapannori.it\/rifiutizero\/?p=3302"},"modified":"2024-04-03T11:21:48","modified_gmt":"2024-04-03T09:21:48","slug":"importante-e-toccante-zero-waste-marathon-svoltasi-il-30-marzo-proprio-nel-giorno-dell-international-day-of-zero-waste-promosso-dalle-nazioni-unite","status":"publish","type":"post","link":"https:\/\/www.rifiutizerocapannori.it\/rifiutizero\/importante-e-toccante-zero-waste-marathon-svoltasi-il-30-marzo-proprio-nel-giorno-dell-international-day-of-zero-waste-promosso-dalle-nazioni-unite\/","title":{"rendered":"Importante e toccante \u201cZero Waste Marathon\u201d svoltasi il 30 marzo proprio nel giorno dell\u2019 \u201cInternational Day of Zero Waste\u201d promosso dalle Nazioni Unite."},"content":{"rendered":"<div dir=\"auto\">\n<div>\n<div dir=\"auto\">Probabilmente \u00e8 stata la pi\u00f9 importante celebrazione globale a livello informale svoltasi grazie alla &#8220;Comunit\u00e0 Internazionale Zero Waste&#8221;.<\/div>\n<div dir=\"auto\">Voluta dal Centro Ricerca Rifiuti Zero di Capannori , da Zero Waste Italy, dall\u2019Accademia Rifiuti Zero Mediterraneo e dal neonato ZW Mediterranean Network la Maratona durata ben 7 ore ha connesso diversi oratori da diversi continenti. Ha coinvolto numerosissimi speaker dal Giappone, presentati da Tohomiro Sato, collaboratore del Centro Ricerca RZ, dalla Cina, Brasile, Stati Uniti, Francia, Svezia, Belgio e Spagna oltre che dall&#8217;Italia.<\/div>\n<div dir=\"auto\"><\/div>\n<div dir=\"auto\">Semplici attivisti, esperti e scienziati ma anche sindaci e scuole si sono alternati portando messaggi positivi nonostante la situazione non solo ambientale appaia molto fosca a livello mondiale a causa di guerre e disastri ecologici.<\/div>\n<div dir=\"auto\"><\/div>\n<div dir=\"auto\">Dopo il video con l&#8217;appello del segretario Generale dell&#8217;ONU si sono alternati i principali pionieri, artefici e protagonisti della &#8220;storia&#8221; Zero Waste quali il capitano Charles Moore (lo scopritore delle \u201cIsole di plastica&#8221;), Paul Connett, Christie Keith (coordinatrice internazionale di GAIA-Global Alliance Incinerator Alternative), Joan Marc Simon, direttore e tra i fondatori di Zero Waste Europe,<\/div>\n<div dir=\"auto\">Jeff Morris esperto economista, Enzo Favoino (coordinatore scientifico di ZWE), Pal Martenson di Zero Waste International Alliance, Jack Macy manager responsabile del Progetto ZW di San Francisco, Hakira Sakano responsabile di ZW Giappone, Harada Sadao, Toshikatsu Fujiwara, professori universitari, la segretaria generale di Duckgaga, associazione filantropica cinese, la signora Feng Xiao, Rodrigo Sabatini, presidente di Lixio Zero Brazil, l&#8217;attivista corsa Marine Bonavita di Zero Frezu e di ZW France, Emma Commolet, ingegnere e attivista ZW, saluti da Eric Lombardi imprenditore USA, Rick Anthony, presidente di ZWIA, Gary Liss, consulente ZW della California.<\/div>\n<div dir=\"auto\"><\/div>\n<div dir=\"auto\">Tra i numerosissimi italiani, oltre al sindaco di Capannori Luca Menesini che ha portato i saluti del primo comune europeo ZW e all&#8217;assessore Giordano del Chiaro (attualmente candidato a sindaco di Capannori) sono intervenuti la parlamentare Eleonora Evi, il professor Giovanni Zanchetta dell&#8217;Universit\u00e0 di Pisa, Francesco Gruppuso, sindaco di Calatafimi Segesta, Patrizia Lo Sciuto, vice presidente di ZWI, Laura Lo Presti, Sabrina Petrucci, Bruno Ghigi del consiglio direttivo di ZWI, l&#8217;assessora di Pesaro, Capitale Italiana della Cultura 2024, Maria Rosa Conti, Edoardo Prestanti, sindaco del comune di Carmignano Gianluca Cominassi, sindaco di Castegnato (BS), i giovani attivisti del 5R di Brescia collegatisi dal Bosco ZW, Matteo Visciola e Simona Vezzoli, il professore Daniele Antonozzi e Marta Macrillanti, rispettivamente\u00a0 presidente e responsabile del progetto &#8220;esercenti RZ&#8221;di Marche Rifiuti Zero, l&#8217;imprenditore Claudio Tedeschi, Danilo Boni, responsabile per la riparazione e riuso di ZWI, Francesco Girardi amministratore di ASA Tivoli (RM), l&#8217;insegnante Lorenza Masini che ha introdotto il video degli studenti dell&#8217;Istituto comprensivo Puccini di FI, prima scuola italiana RZ, Alida Bondanelli, attivista ZW di Capannori.<\/div>\n<div dir=\"auto\">Un plauso a parte agli speaker, che si sono alternati, va al presidio appositamente realizzato dagli attivisti contro l&#8217;inceneritore di Roma a partire da Pasquale Laurito.<\/div>\n<div dir=\"auto\"><\/div>\n<div dir=\"auto\">Nonostante gli inevitabili problemi tecnici della diretta ben 48 persone delle comunit\u00e0 di Albano e dei Castelli romani hanno voluto segnalare &#8220;al mondo&#8221; con la loro presenza di fronte al sito che dovrebbe accogliere questo mega impianto inquinante\u00a0 l&#8217;assurdit\u00e0 di questa proposta la loro ferma, combattiva e democratica opposizione.<\/div>\n<div dir=\"auto\">Li ringraziamo davvero per questa loro partecipazione.<\/div>\n<div dir=\"auto\"><\/div>\n<div dir=\"auto\">Infine, menzioni a parte, meritano l&#8217;intera Gaudats Junk Band uno degli emblemi dello ZW di Capannori e non solo che formata per l&#8217;occasione da Daniele Guidotti (intervenuto anche per portare il saluto dei Centri di Riuso Daccapo), Marco Bachi, Mauro Briganti e Luca Pucci dopo aver brevemente descritto gli strumenti musicali utilizzati ricavati da oggetti di riuso hanno cantato in diretta \u201cBella Ciao\u201d ormai divenuto un inno internazionale e non solo emblema della lotta partigiana in Italia.<\/div>\n<div dir=\"auto\"><\/div>\n<div dir=\"auto\">Infine, l&#8217;apporto del fumettista lucchese Bigo (David Bigotti) che con i suoi disegni in diretta e dal vivo ha &#8220;duettato&#8221; con Charles Moore, Paul Connett, il sindaco Menesini e il sottoscritto dando vita a fumetti creati durante gli stimoli della diretta.<\/div>\n<div dir=\"auto\"><\/div>\n<div dir=\"auto\">Ma il tutto non poteva non finire che con Giacomo Puccini, di cui quest&#8217;anno ricorre il centenario della morte, sulle conclusioni tenute da Rossano Ercolini, con toccanti le note di \u201cNessun dorma\u201d a segnalare con la potenza di quest&#8217;aria della famosa opera lirica \u201cTurandot\u201d che di fronte alla crisi ambientale globale e ai pericoli incombenti di guerra tutti dobbiamo essere ben svegli per difendere beni preziosi come la Pace e la Natura.<\/div>\n<div dir=\"auto\"><\/div>\n<div dir=\"auto\">Come si conviene con tutte le Maratone siamo arrivati al traguardo sfiniti ma entusiasti di aver abbracciato praticamente l&#8217;intera comunit\u00e0 mondiale Zero Waste. Il modo migliore per festeggiare la Giornata Internazionale Rifiuti Zero!<\/div>\n<\/div>\n<div dir=\"auto\"><i>Rossano Ercolini, presidente di Zero Waste Italy<\/i><\/div>\n<\/div>\n<div dir=\"auto\">A questo link il video dell\u2019incontro:<\/div>\n<div dir=\"auto\">\n<div><a href=\"https:\/\/www.facebook.com\/share\/v\/EYw8wjtnwa5aPJCP\/?\" target=\"_blank\" rel=\"noopener\" data-saferedirecturl=\"https:\/\/www.google.com\/url?q=https:\/\/www.facebook.com\/share\/v\/EYw8wjtnwa5aPJCP\/?&amp;source=gmail&amp;ust=1712166231388000&amp;usg=AOvVaw3htsT9KtalGuDjxWlBpCG5\">https:\/\/www.facebook.com\/<wbr \/>share\/v\/EYw8wjtnwa5aPJCP\/?<\/a><\/div>\n<\/div>\n<div><\/div>\n<div>\n\n\t\t<style type=\"text\/css\">\n\t\t\t#gallery-1 {\n\t\t\t\tmargin: auto;\n\t\t\t}\n\t\t\t#gallery-1 .gallery-item {\n\t\t\t\tfloat: left;\n\t\t\t\tmargin-top: 10px;\n\t\t\t\ttext-align: center;\n\t\t\t\twidth: 50%;\n\t\t\t}\n\t\t\t#gallery-1 img {\n\t\t\t\tborder: 2px solid #cfcfcf;\n\t\t\t}\n\t\t\t#gallery-1 .gallery-caption {\n\t\t\t\tmargin-left: 0;\n\t\t\t}\n\t\t\t\/* see gallery_shortcode() in wp-includes\/media.php *\/\n\t\t<\/style>\n\t\t<div id='gallery-1' class='gallery galleryid-3302 gallery-columns-2 gallery-size-medium'><dl class='gallery-item'>\n\t\t\t<dt class='gallery-icon portrait'>\n\t\t\t\t<a href='https:\/\/www.rifiutizerocapannori.it\/rifiutizero\/importante-e-toccante-zero-waste-marathon-svoltasi-il-30-marzo-proprio-nel-giorno-dell-international-day-of-zero-waste-promosso-dalle-nazioni-unite\/1-5\/'><img loading=\"lazy\" decoding=\"async\" width=\"225\" height=\"300\" src=\"https:\/\/www.rifiutizerocapannori.it\/rifiutizero\/wp-content\/uploads\/2024\/04\/1-225x300.jpg\" class=\"attachment-medium size-medium\" alt=\"\" srcset=\"https:\/\/www.rifiutizerocapannori.it\/rifiutizero\/wp-content\/uploads\/2024\/04\/1-225x300.jpg 225w, https:\/\/www.rifiutizerocapannori.it\/rifiutizero\/wp-content\/uploads\/2024\/04\/1-768x1024.jpg 768w, https:\/\/www.rifiutizerocapannori.it\/rifiutizero\/wp-content\/uploads\/2024\/04\/1-1152x1536.jpg 1152w, https:\/\/www.rifiutizerocapannori.it\/rifiutizero\/wp-content\/uploads\/2024\/04\/1.jpg 1460w\" sizes=\"auto, (max-width: 225px) 100vw, 225px\" \/><\/a>\n\t\t\t<\/dt><\/dl><dl class='gallery-item'>\n\t\t\t<dt class='gallery-icon landscape'>\n\t\t\t\t<a href='https:\/\/www.rifiutizerocapannori.it\/rifiutizero\/importante-e-toccante-zero-waste-marathon-svoltasi-il-30-marzo-proprio-nel-giorno-dell-international-day-of-zero-waste-promosso-dalle-nazioni-unite\/2-2\/'><img loading=\"lazy\" decoding=\"async\" width=\"300\" height=\"225\" src=\"https:\/\/www.rifiutizerocapannori.it\/rifiutizero\/wp-content\/uploads\/2024\/04\/2-300x225.jpg\" class=\"attachment-medium size-medium\" alt=\"\" srcset=\"https:\/\/www.rifiutizerocapannori.it\/rifiutizero\/wp-content\/uploads\/2024\/04\/2-300x225.jpg 300w, https:\/\/www.rifiutizerocapannori.it\/rifiutizero\/wp-content\/uploads\/2024\/04\/2-1024x768.jpg 1024w, https:\/\/www.rifiutizerocapannori.it\/rifiutizero\/wp-content\/uploads\/2024\/04\/2-768x576.jpg 768w, https:\/\/www.rifiutizerocapannori.it\/rifiutizero\/wp-content\/uploads\/2024\/04\/2-1536x1152.jpg 1536w, https:\/\/www.rifiutizerocapannori.it\/rifiutizero\/wp-content\/uploads\/2024\/04\/2.jpg 2000w\" sizes=\"auto, (max-width: 300px) 100vw, 300px\" \/><\/a>\n\t\t\t<\/dt><\/dl><br style=\"clear: both\" \/><dl class='gallery-item'>\n\t\t\t<dt class='gallery-icon landscape'>\n\t\t\t\t<a href='https:\/\/www.rifiutizerocapannori.it\/rifiutizero\/importante-e-toccante-zero-waste-marathon-svoltasi-il-30-marzo-proprio-nel-giorno-dell-international-day-of-zero-waste-promosso-dalle-nazioni-unite\/3-2\/'><img loading=\"lazy\" decoding=\"async\" width=\"300\" height=\"225\" src=\"https:\/\/www.rifiutizerocapannori.it\/rifiutizero\/wp-content\/uploads\/2024\/04\/3-300x225.jpg\" class=\"attachment-medium size-medium\" alt=\"\" srcset=\"https:\/\/www.rifiutizerocapannori.it\/rifiutizero\/wp-content\/uploads\/2024\/04\/3-300x225.jpg 300w, https:\/\/www.rifiutizerocapannori.it\/rifiutizero\/wp-content\/uploads\/2024\/04\/3-1024x768.jpg 1024w, https:\/\/www.rifiutizerocapannori.it\/rifiutizero\/wp-content\/uploads\/2024\/04\/3-768x576.jpg 768w, https:\/\/www.rifiutizerocapannori.it\/rifiutizero\/wp-content\/uploads\/2024\/04\/3-1536x1152.jpg 1536w, https:\/\/www.rifiutizerocapannori.it\/rifiutizero\/wp-content\/uploads\/2024\/04\/3.jpg 1986w\" sizes=\"auto, (max-width: 300px) 100vw, 300px\" \/><\/a>\n\t\t\t<\/dt><\/dl><dl class='gallery-item'>\n\t\t\t<dt class='gallery-icon landscape'>\n\t\t\t\t<a href='https:\/\/www.rifiutizerocapannori.it\/rifiutizero\/importante-e-toccante-zero-waste-marathon-svoltasi-il-30-marzo-proprio-nel-giorno-dell-international-day-of-zero-waste-promosso-dalle-nazioni-unite\/4-2\/'><img loading=\"lazy\" decoding=\"async\" width=\"300\" height=\"225\" src=\"https:\/\/www.rifiutizerocapannori.it\/rifiutizero\/wp-content\/uploads\/2024\/04\/4-300x225.jpg\" class=\"attachment-medium size-medium\" alt=\"\" srcset=\"https:\/\/www.rifiutizerocapannori.it\/rifiutizero\/wp-content\/uploads\/2024\/04\/4-300x225.jpg 300w, https:\/\/www.rifiutizerocapannori.it\/rifiutizero\/wp-content\/uploads\/2024\/04\/4-1024x768.jpg 1024w, https:\/\/www.rifiutizerocapannori.it\/rifiutizero\/wp-content\/uploads\/2024\/04\/4-768x576.jpg 768w, https:\/\/www.rifiutizerocapannori.it\/rifiutizero\/wp-content\/uploads\/2024\/04\/4-1536x1152.jpg 1536w, https:\/\/www.rifiutizerocapannori.it\/rifiutizero\/wp-content\/uploads\/2024\/04\/4.jpg 2000w\" sizes=\"auto, (max-width: 300px) 100vw, 300px\" \/><\/a>\n\t\t\t<\/dt><\/dl><br style=\"clear: both\" \/><dl class='gallery-item'>\n\t\t\t<dt class='gallery-icon landscape'>\n\t\t\t\t<a href='https:\/\/www.rifiutizerocapannori.it\/rifiutizero\/importante-e-toccante-zero-waste-marathon-svoltasi-il-30-marzo-proprio-nel-giorno-dell-international-day-of-zero-waste-promosso-dalle-nazioni-unite\/5-2\/'><img loading=\"lazy\" decoding=\"async\" width=\"300\" height=\"225\" src=\"https:\/\/www.rifiutizerocapannori.it\/rifiutizero\/wp-content\/uploads\/2024\/04\/5-300x225.jpg\" class=\"attachment-medium size-medium\" alt=\"\" srcset=\"https:\/\/www.rifiutizerocapannori.it\/rifiutizero\/wp-content\/uploads\/2024\/04\/5-300x225.jpg 300w, https:\/\/www.rifiutizerocapannori.it\/rifiutizero\/wp-content\/uploads\/2024\/04\/5-1024x768.jpg 1024w, https:\/\/www.rifiutizerocapannori.it\/rifiutizero\/wp-content\/uploads\/2024\/04\/5-768x576.jpg 768w, https:\/\/www.rifiutizerocapannori.it\/rifiutizero\/wp-content\/uploads\/2024\/04\/5-1536x1152.jpg 1536w, https:\/\/www.rifiutizerocapannori.it\/rifiutizero\/wp-content\/uploads\/2024\/04\/5.jpg 2000w\" sizes=\"auto, (max-width: 300px) 100vw, 300px\" \/><\/a>\n\t\t\t<\/dt><\/dl>\n\t\t\t<br style='clear: both' \/>\n\t\t<\/div>\n\n<\/div>\n<div dir=\"auto\">\n<div><\/div>\n<\/div>\n","protected":false},"excerpt":{"rendered":"<p>Probabilmente \u00e8 stata la pi\u00f9 importante celebrazione globale a livello informale svoltasi grazie alla &#8220;Comunit\u00e0 Internazionale Zero Waste&#8221;. Voluta dal Centro Ricerca Rifiuti Zero di Capannori , da Zero Waste Italy, dall\u2019Accademia Rifiuti Zero Mediterraneo e dal neonato ZW Mediterranean Network la Maratona durata ben 7 ore ha connesso diversi oratori da diversi continenti. Ha [&hellip;]<\/p>\n","protected":false},"author":3,"featured_media":0,"comment_status":"open","ping_status":"open","sticky":false,"template":"","format":"standard","meta":{"footnotes":""},"categories":[3],"tags":[],"class_list":["post-3302","post","type-post","status-publish","format-standard","hentry","category-convegni"],"jetpack_featured_media_url":"","_links":{"self":[{"href":"https:\/\/www.rifiutizerocapannori.it\/rifiutizero\/wp-json\/wp\/v2\/posts\/3302","targetHints":{"allow":["GET"]}}],"collection":[{"href":"https:\/\/www.rifiutizerocapannori.it\/rifiutizero\/wp-json\/wp\/v2\/posts"}],"about":[{"href":"https:\/\/www.rifiutizerocapannori.it\/rifiutizero\/wp-json\/wp\/v2\/types\/post"}],"author":[{"embeddable":true,"href":"https:\/\/www.rifiutizerocapannori.it\/rifiutizero\/wp-json\/wp\/v2\/users\/3"}],"replies":[{"embeddable":true,"href":"https:\/\/www.rifiutizerocapannori.it\/rifiutizero\/wp-json\/wp\/v2\/comments?post=3302"}],"version-history":[{"count":2,"href":"https:\/\/www.rifiutizerocapannori.it\/rifiutizero\/wp-json\/wp\/v2\/posts\/3302\/revisions"}],"predecessor-version":[{"id":3309,"href":"https:\/\/www.rifiutizerocapannori.it\/rifiutizero\/wp-json\/wp\/v2\/posts\/3302\/revisions\/3309"}],"wp:attachment":[{"href":"https:\/\/www.rifiutizerocapannori.it\/rifiutizero\/wp-json\/wp\/v2\/media?parent=3302"}],"wp:term":[{"taxonomy":"category","embeddable":true,"href":"https:\/\/www.rifiutizerocapannori.it\/rifiutizero\/wp-json\/wp\/v2\/categories?post=3302"},{"taxonomy":"post_tag","embeddable":true,"href":"https:\/\/www.rifiutizerocapannori.it\/rifiutizero\/wp-json\/wp\/v2\/tags?post=3302"}],"curies":[{"name":"wp","href":"https:\/\/api.w.org\/{rel}","templated":true}]}}