{"id":511,"date":"2012-12-09T18:55:54","date_gmt":"2012-12-09T17:55:54","guid":{"rendered":"http:\/\/www.rifiutizerocapannori.it\/rifiutizero\/?p=511"},"modified":"2012-12-10T19:03:06","modified_gmt":"2012-12-10T18:03:06","slug":"effecorta-va-in-citta","status":"publish","type":"post","link":"https:\/\/www.rifiutizerocapannori.it\/rifiutizero\/effecorta-va-in-citta\/","title":{"rendered":"Effecorta va in citt\u00e0"},"content":{"rendered":"<p>Il prossimo punto Effecorta nascer\u00e0 a Milano.<br \/>\nIn un periodo di crisi come quello che stiamo vivendo fanno piacere queste notizie di prospettiva, investimento e sviluppo.<br \/>\n&#8220;Da 4 anni incontriamo comitive da tutta Italia e facciamo seminari per la riproduzione di questa idea, ne abbiamo incontrate oltre 450&#8221; dice Pietro Angelini ideatore e fondatore di effecorta che continua: &#8220;Abbiamo trovato nella comitiva di Milano un gruppo di persone capaci che intendono portare innovazioni digitali alla rete del consumo per favorire ulteriormente la trasparenza del rapporto con il produttore locale&#8221;. L&#8217;idea \u00e8 semplice e rivoluzionaria per il nostro modo abituale di consumare: distribuire prodotti locali e sfusi, alimentando da un lato l&#8217;economia del territorio, dall&#8217;altro riducendo i contenitori.<\/p>\n<p>I risultati all&#8217;effecorta di marlia- Capannori sono a dir poco straordinari: oltre <strong>26mila<\/strong> contenitori riutilizzati in 4 anni, oltre <strong>120\u00a0<\/strong>produttori locali attivati, oltre <strong>250<\/strong> prodotti venduti. L&#8217;avventura di Milano ci far\u00e0 capire tutte le potenzialit\u00e0 del progetto. Renato Plati \u00e8 l&#8217;imprenditore milanese che ha scommesso sul l&#8217;impresa di Capannori che dice: In un periodo di crisi come quello che stiamo vivendo, provare nuove strade che favoriscano uno sviluppo intelligente credo sia un percorso obbligato. Il progetto Effecorta contiene in s\u00e9 diverse spinte innovative, favorendo l&#8217;economia locale con la valorizzazione dei produttori di prossimit\u00e0, ed al tempo stesso svolgendo una funzione &#8220;educatrice&#8221; nei confronti dei consumatori, invitandoli ad un uso pi\u00f9 responsabile degli imballaggi utilizzati ed in generale dei rifiuti prodotti. E&#8217; una sfida entusiasmante, e spero che altri si aggiungano a noi per creare quella rete del cibo locale di cui l&#8217;Italia dovrebbe essere la protagonista indiscussa a livello mondiale.<\/p>\n<p>Effecorta \u00e8 stata scelta da BBC World come unica delle 20 buone pratiche al mondo per la sostenibilit\u00e0 concreta, ha vinto il premio toscana ecoefficiente 2010, \u00e8 stata illustrata all&#8217;onu da paul connett come buona pratica..Pensare che \u00e8 nata senza soldi, solo con l&#8217;idea e due fili d&#8217;erba da un gruppo di amici.<\/p>\n","protected":false},"excerpt":{"rendered":"<p>Il prossimo punto Effecorta nascer\u00e0 a Milano. In un periodo di crisi come quello che stiamo vivendo fanno piacere queste notizie di prospettiva, investimento e sviluppo. &#8220;Da 4 anni incontriamo comitive da tutta Italia e facciamo seminari per la riproduzione di questa idea, ne abbiamo incontrate oltre 450&#8221; dice Pietro Angelini ideatore e fondatore di [&hellip;]<\/p>\n","protected":false},"author":1,"featured_media":0,"comment_status":"open","ping_status":"open","sticky":false,"template":"","format":"standard","meta":{"footnotes":""},"categories":[1],"tags":[],"class_list":["post-511","post","type-post","status-publish","format-standard","hentry","category-news-in-evidenza"],"jetpack_featured_media_url":"","_links":{"self":[{"href":"https:\/\/www.rifiutizerocapannori.it\/rifiutizero\/wp-json\/wp\/v2\/posts\/511","targetHints":{"allow":["GET"]}}],"collection":[{"href":"https:\/\/www.rifiutizerocapannori.it\/rifiutizero\/wp-json\/wp\/v2\/posts"}],"about":[{"href":"https:\/\/www.rifiutizerocapannori.it\/rifiutizero\/wp-json\/wp\/v2\/types\/post"}],"author":[{"embeddable":true,"href":"https:\/\/www.rifiutizerocapannori.it\/rifiutizero\/wp-json\/wp\/v2\/users\/1"}],"replies":[{"embeddable":true,"href":"https:\/\/www.rifiutizerocapannori.it\/rifiutizero\/wp-json\/wp\/v2\/comments?post=511"}],"version-history":[{"count":4,"href":"https:\/\/www.rifiutizerocapannori.it\/rifiutizero\/wp-json\/wp\/v2\/posts\/511\/revisions"}],"predecessor-version":[{"id":515,"href":"https:\/\/www.rifiutizerocapannori.it\/rifiutizero\/wp-json\/wp\/v2\/posts\/511\/revisions\/515"}],"wp:attachment":[{"href":"https:\/\/www.rifiutizerocapannori.it\/rifiutizero\/wp-json\/wp\/v2\/media?parent=511"}],"wp:term":[{"taxonomy":"category","embeddable":true,"href":"https:\/\/www.rifiutizerocapannori.it\/rifiutizero\/wp-json\/wp\/v2\/categories?post=511"},{"taxonomy":"post_tag","embeddable":true,"href":"https:\/\/www.rifiutizerocapannori.it\/rifiutizero\/wp-json\/wp\/v2\/tags?post=511"}],"curies":[{"name":"wp","href":"https:\/\/api.w.org\/{rel}","templated":true}]}}