{"id":523,"date":"2012-12-29T11:55:59","date_gmt":"2012-12-29T10:55:59","guid":{"rendered":"http:\/\/www.rifiutizerocapannori.it\/rifiutizero\/?p=523"},"modified":"2013-01-10T11:58:43","modified_gmt":"2013-01-10T10:58:43","slug":"proposta-di-legge-dal-basso-rifiuti-zero-zero-waste","status":"publish","type":"post","link":"https:\/\/www.rifiutizerocapannori.it\/rifiutizero\/proposta-di-legge-dal-basso-rifiuti-zero-zero-waste\/","title":{"rendered":"PROPOSTA DI LEGGE DAL BASSO RIFIUTI ZERO-ZERO WASTE"},"content":{"rendered":"<p>Dopo alcuni mesi di lavoro che ha coinvolto reti nazionali e molti gruppi locali il testo elaborato grazie a molti apporti e contributi \u00e8 in dirittura di arrivo.<\/p>\n<p>INTANTO PER SABATO 19 GENNAIO 2013 \u00c8 GI\u00c0 PROGRAMMATA A ROMA L\u2019ASSEMBLEA NAZIONALE PER IL VARO DEL TESTO E PER STRUTTURARE LA RACCOLTA DELLE FIRME REGIONE PER REGIONE.<\/p>\n<p>A questo incontro oltre alle delegazioni di ZW Italy, della Rete Nazionale RZ, di ZW Lazio, di Diritto al Futuro e di Ambiente e Futuro \u00e8 prevista la partecipazione del professor Paul Connett.<\/p>\n<div>Scarica la \u00a0<a title=\"Proposta di legge Rifiuti Zero\" href=\"https:\/\/www.rifiutizerocapannori.it\/rifiutizero\/wp-content\/uploads\/2013\/01\/testo-legge-rifiuti.pdf\" target=\"_blank\">PROPOSTA DI LEGGE DAL BASSO RIFIUTI ZERO-ZERO WASTE<\/a><\/div>\n<div><\/div>\n","protected":false},"excerpt":{"rendered":"<p>Dopo alcuni mesi di lavoro che ha coinvolto reti nazionali e molti gruppi locali il testo elaborato grazie a molti apporti e contributi \u00e8 in dirittura di arrivo. INTANTO PER SABATO 19 GENNAIO 2013 \u00c8 GI\u00c0 PROGRAMMATA A ROMA L\u2019ASSEMBLEA NAZIONALE PER IL VARO DEL TESTO E PER STRUTTURARE LA RACCOLTA DELLE FIRME REGIONE PER [&hellip;]<\/p>\n","protected":false},"author":1,"featured_media":0,"comment_status":"open","ping_status":"open","sticky":false,"template":"","format":"standard","meta":{"footnotes":""},"categories":[1],"tags":[],"class_list":["post-523","post","type-post","status-publish","format-standard","hentry","category-news-in-evidenza"],"jetpack_featured_media_url":"","_links":{"self":[{"href":"https:\/\/www.rifiutizerocapannori.it\/rifiutizero\/wp-json\/wp\/v2\/posts\/523","targetHints":{"allow":["GET"]}}],"collection":[{"href":"https:\/\/www.rifiutizerocapannori.it\/rifiutizero\/wp-json\/wp\/v2\/posts"}],"about":[{"href":"https:\/\/www.rifiutizerocapannori.it\/rifiutizero\/wp-json\/wp\/v2\/types\/post"}],"author":[{"embeddable":true,"href":"https:\/\/www.rifiutizerocapannori.it\/rifiutizero\/wp-json\/wp\/v2\/users\/1"}],"replies":[{"embeddable":true,"href":"https:\/\/www.rifiutizerocapannori.it\/rifiutizero\/wp-json\/wp\/v2\/comments?post=523"}],"version-history":[{"count":1,"href":"https:\/\/www.rifiutizerocapannori.it\/rifiutizero\/wp-json\/wp\/v2\/posts\/523\/revisions"}],"predecessor-version":[{"id":525,"href":"https:\/\/www.rifiutizerocapannori.it\/rifiutizero\/wp-json\/wp\/v2\/posts\/523\/revisions\/525"}],"wp:attachment":[{"href":"https:\/\/www.rifiutizerocapannori.it\/rifiutizero\/wp-json\/wp\/v2\/media?parent=523"}],"wp:term":[{"taxonomy":"category","embeddable":true,"href":"https:\/\/www.rifiutizerocapannori.it\/rifiutizero\/wp-json\/wp\/v2\/categories?post=523"},{"taxonomy":"post_tag","embeddable":true,"href":"https:\/\/www.rifiutizerocapannori.it\/rifiutizero\/wp-json\/wp\/v2\/tags?post=523"}],"curies":[{"name":"wp","href":"https:\/\/api.w.org\/{rel}","templated":true}]}}